
{"id":405,"date":"2017-12-11T21:30:40","date_gmt":"2017-12-11T20:30:40","guid":{"rendered":"http:\/\/ral-bsl.linux-azur.org\/?p=405"},"modified":"2019-12-29T20:22:51","modified_gmt":"2019-12-29T19:22:51","slug":"ral-du-bsl-de-ce-1er-decembre-enneigee","status":"publish","type":"post","link":"https:\/\/ral-bsl.linux-azur.org\/?p=405","title":{"rendered":"RAL du BSL de ce 1er d\u00e9cembre, enneig\u00e9e?"},"content":{"rendered":"<p>Ola!<\/p>\n<p>Vendredi 1er a eu lieu la RAL du BSL de d\u00e9cembre&#8230; un soup\u00e7on perturb\u00e9e par la neige sur la route&#8230; Alors, avec Jean-Pierre, et m\u00eame Knut au t\u00e9l\u00e9phone, on en a profit\u00e9 pour faire quelques mises \u00e0 jour, finaliser l&rsquo;installation du Mac Book Pro, tout beau avec son petit l\u00e9ger dock &lsquo;plank&rsquo; et sa souris Micro$oft!<a href=\"https:\/\/ral-bsl.linux-azur.org\/wordpress\/wp-content\/uploads\/2017\/12\/mac_book_pro.jpg\"><img decoding=\"async\" loading=\"lazy\" class=\"aligncenter size-full wp-image-404\" src=\"https:\/\/ral-bsl.linux-azur.org\/wordpress\/wp-content\/uploads\/2017\/12\/mac_book_pro.jpg\" alt=\"mac_book_pro\" width=\"1333\" height=\"1000\" srcset=\"https:\/\/ral-bsl.linux-azur.org\/wp-content\/uploads\/2017\/12\/mac_book_pro.jpg 1333w, https:\/\/ral-bsl.linux-azur.org\/wp-content\/uploads\/2017\/12\/mac_book_pro-300x225.jpg 300w, https:\/\/ral-bsl.linux-azur.org\/wp-content\/uploads\/2017\/12\/mac_book_pro-1024x768.jpg 1024w\" sizes=\"(max-width: 1333px) 100vw, 1333px\" \/><\/a>Il lui manquait un peu d&rsquo;air(port), alors, on a fait simple en lui collant le pilote proprio (bouh&#8230;) trouv\u00e9 par Xubuntu (Menu\/Param\u00e8tres\/Pilotes additionnels)&#8230;<br \/>\nEt hop, la WIFI fonctionne, what else?<\/p>\n<p>Je me suis aussi acharn\u00e9 sur mon pauvre petit iMax mini&#8230; apr\u00e8s avoir visionn\u00e9 des pseudos tutoriels de marchand qui montraient que tout s&rsquo;ouvrait ultra facilement&#8230; en oubliant de signaler quelques vis et autres d\u00e9tails!<br \/>\nDonc, si vous voulez remplacer la RAM et le disque d&rsquo;un Imax mini (la petite machine blanche et noire en forme de calisson sur la photo), il faut d&rsquo;abord retirer la vis au niveau de l&rsquo;encoche du pied de bureau (facile, il y en a qu&rsquo;une sur la tranche), puis d\u00e9-clipser les petits crans sur la partie blanche \u00e0 l&rsquo;aide d&rsquo;une carte \u00e0 puce au tout autre outil peu agressif, fin et assez rigide. Les enjoliveurs noirs restent en place! Une fois ouvert, on a acc\u00e8s \u00e0 la RAM, mais pour le disque dur, il faut acc\u00e9der aux vis qui se trouvent sur l&rsquo;autre face de la carte m\u00e8re! Il faut donc retirer la carte du commutateur ON\/OFF, les 4 vis de fixation de la carte m\u00e8re mais aussi le contr\u00f4leur thermique du processeur, ventilateur et plaque de transfert thermique, dont les vis se reprennent dans le bo\u00eetier au travers de la carte m\u00e8re! Quand <em>on le sait<\/em> cela va tr\u00e8s vite&#8230; mais <em>seulement<\/em> quand on le sait, hum&#8230;<a href=\"https:\/\/ral-bsl.linux-azur.org\/wordpress\/wp-content\/uploads\/2017\/12\/ecran_et_imax_mini.jpg\"><img decoding=\"async\" loading=\"lazy\" class=\"aligncenter size-full wp-image-403\" src=\"https:\/\/ral-bsl.linux-azur.org\/wordpress\/wp-content\/uploads\/2017\/12\/ecran_et_imax_mini.jpg\" alt=\"ecran_et_imax_mini\" width=\"1333\" height=\"1000\" srcset=\"https:\/\/ral-bsl.linux-azur.org\/wp-content\/uploads\/2017\/12\/ecran_et_imax_mini.jpg 1333w, https:\/\/ral-bsl.linux-azur.org\/wp-content\/uploads\/2017\/12\/ecran_et_imax_mini-300x225.jpg 300w, https:\/\/ral-bsl.linux-azur.org\/wp-content\/uploads\/2017\/12\/ecran_et_imax_mini-1024x768.jpg 1024w\" sizes=\"(max-width: 1333px) 100vw, 1333px\" \/><\/a>Je vous rassure, il va tr\u00e8s bien maintenant, il lui manque juste une antenne WIFI plus r\u00e9cente pour surfer correctement sur le net&#8230; Tiens un <a href=\"https:\/\/schmurtzm.blogspot.fr\/2010\/11\/acer-aspire-revo-r3600-ameliorer-les.html\" target=\"_blank\" rel=\"noopener\">lien<\/a> vers un tutoriel d&rsquo;am\u00e9lioration de cette petite machine.<br \/>\nIl tourne maintenant sous Xubuntu 16.04.3 LTS&#8230; une pand\u00e9mie*?<br \/>\nBon, il y a eu quelques trucs \u00e0 revoir, fr\u00e9quent avec des configurations exotiques anciennes, ajuster la r\u00e9solution avec un compromis entre les capacit\u00e9s de la machine et celles de ma TV HD Ready (connect\u00e9e en HDMI), supprimer le Splash au d\u00e9marrage dont l&rsquo;affichage graphique n&rsquo;est pas support\u00e9 (Afficher le Grub en appuyant sur &laquo;&nbsp;Echap&nbsp;&raquo; au boot, &lsquo;e&rsquo; pour \u00e9diter, remplacer les options &lsquo;quiet splash&rsquo; par &lsquo;verbose&rsquo;, et lancer), forcer le mode AZERTY au lancement de la session graphique (clavier sans fil par cl\u00e9 USB Wifi, automatiquement reconnu uniquement si connect\u00e9 <span style=\"text-decoration: underline;\"><strong>apr\u00e8s<\/strong><\/span> l&rsquo;initialisation du server graphique&#8230;).<br \/>\nA propos de HDMI, pour avoir le son, il faut indiquer au syst\u00e8me de l&rsquo;utiliser. C&rsquo;est en graphique, donc simple, sauf que dans la version 16.04, la sortie HDMI n\u2019appara\u00eet plus dans le menu de r\u00e9glage du volume (clic sur l&rsquo;ic\u00f4ne du haut-parleur, menu &lsquo;Param\u00e8tres sonores&#8230;&rsquo;) mais dans l&rsquo;onglet tout au fond \u00e0 droite, &lsquo;Configuration&rsquo;. Je ne l&rsquo;ai pas trouv\u00e9 de suite&#8230;<br \/>\nDu coup j&rsquo;ai cru \u00e0 un d\u00e9faut de pilote&#8230; et avec la connexion ultra lente en Wifi ant\u00e9diluvien, j&rsquo;ai eu le temps de m&rsquo;\u00e9nerver et faire des erreurs d&rsquo;impatience&#8230; Et zou, des tas de notifications de &laquo;&nbsp;Ubuntu a d\u00e9tect\u00e9 un probl\u00e8me logiciel&nbsp;&raquo; \u00e0 chaque d\u00e9marrage! Comment faire? Et bien si vous pensez avoir corrig\u00e9 le probl\u00e8me de vos b\u00eatises, assumez et videz le log : voir <a href=\"https:\/\/doc.ubuntu-fr.org\/tutoriel\/desactiver_la_fenetre_probleme_logiciel_detecte\" target=\"_blank\" rel=\"noopener\">l\u00e0<\/a>, uniquement supprimer le rapport, et si au red\u00e9marrage, plus de message, c&rsquo;est gagn\u00e9.<\/p>\n<p>L&rsquo;\u00e9cran connect\u00e9 au EEEPC \u00e9tait en test, et ma foi en VGA, il s&rsquo;est parfaitement comport\u00e9 pendant les 3 heures de la RAL&#8230; Pas mal pour <strong>un \u00e9cran offert<\/strong> car r\u00e9put\u00e9 en panne!<\/p>\n<p>Il faut d\u00e9finir la prochaine date, celle de janvier, apr\u00e8s avoir fait ripaille, voire avoir succomber aux sir\u00e8nes consum\u00e9ristes, ce qui, par effet domino, va nous permettre d&rsquo;h\u00e9riter de nouvelles vieilles machines \u00e0 ressusciter, all\u00e9luia!<\/p>\n<p>Allez, le lien vers le sondage de janvier, qui souffre d&rsquo;un manque de fr\u00e9quentation voire carr\u00e9ment d&rsquo;affection.<\/p>\n<p>A vous!<\/p>\n<p>(*) : on commence un peu trop \u00e0 s&rsquo;habituer \u00e0 Ubuntu et ses d\u00e9riv\u00e9es au local, il est donc urgent de migrer les machines sp\u00e9cifiques LAZ (en entrant \u00e0 gauche)\u00a0 sur d&rsquo;autres syst\u00e8mes. On a du FEDORA, ok, du Manjaro saveur FluxBox, ok, par contre du Ubuntu MATE et Mint, ko! \u00e0 Migrer d&rsquo;urgence! Un Mageia, une SUSE?<\/p>\n","protected":false},"excerpt":{"rendered":"<p>Ola! Vendredi 1er a eu lieu la RAL du BSL de d\u00e9cembre&#8230; un soup\u00e7on perturb\u00e9e par la neige sur la route&#8230; Alors, avec Jean-Pierre, et m\u00eame Knut au t\u00e9l\u00e9phone, on en a profit\u00e9 pour faire quelques mises \u00e0 jour, finaliser l&rsquo;installation du Mac Book Pro, tout beau avec son petit l\u00e9ger dock &lsquo;plank&rsquo; et sa &hellip; <a href=\"https:\/\/ral-bsl.linux-azur.org\/?p=405\" class=\"more-link\">Continue reading <span class=\"screen-reader-text\">RAL du BSL de ce 1er d\u00e9cembre, enneig\u00e9e?<\/span><\/a><\/p>\n","protected":false},"author":14,"featured_media":0,"comment_status":"open","ping_status":"open","sticky":false,"template":"","format":"standard","meta":[],"categories":[5],"tags":[],"_links":{"self":[{"href":"https:\/\/ral-bsl.linux-azur.org\/index.php?rest_route=\/wp\/v2\/posts\/405"}],"collection":[{"href":"https:\/\/ral-bsl.linux-azur.org\/index.php?rest_route=\/wp\/v2\/posts"}],"about":[{"href":"https:\/\/ral-bsl.linux-azur.org\/index.php?rest_route=\/wp\/v2\/types\/post"}],"author":[{"embeddable":true,"href":"https:\/\/ral-bsl.linux-azur.org\/index.php?rest_route=\/wp\/v2\/users\/14"}],"replies":[{"embeddable":true,"href":"https:\/\/ral-bsl.linux-azur.org\/index.php?rest_route=%2Fwp%2Fv2%2Fcomments&post=405"}],"version-history":[{"count":5,"href":"https:\/\/ral-bsl.linux-azur.org\/index.php?rest_route=\/wp\/v2\/posts\/405\/revisions"}],"predecessor-version":[{"id":528,"href":"https:\/\/ral-bsl.linux-azur.org\/index.php?rest_route=\/wp\/v2\/posts\/405\/revisions\/528"}],"wp:attachment":[{"href":"https:\/\/ral-bsl.linux-azur.org\/index.php?rest_route=%2Fwp%2Fv2%2Fmedia&parent=405"}],"wp:term":[{"taxonomy":"category","embeddable":true,"href":"https:\/\/ral-bsl.linux-azur.org\/index.php?rest_route=%2Fwp%2Fv2%2Fcategories&post=405"},{"taxonomy":"post_tag","embeddable":true,"href":"https:\/\/ral-bsl.linux-azur.org\/index.php?rest_route=%2Fwp%2Fv2%2Ftags&post=405"}],"curies":[{"name":"wp","href":"https:\/\/api.w.org\/{rel}","templated":true}]}}