
{"id":1211,"date":"2024-01-19T20:25:42","date_gmt":"2024-01-19T19:25:42","guid":{"rendered":"https:\/\/ral-bsl.linux-azur.org\/?p=1211"},"modified":"2024-04-01T15:50:15","modified_gmt":"2024-04-01T14:50:15","slug":"fin-des-ral-du-bsl-on-vide-le-local","status":"publish","type":"post","link":"https:\/\/ral-bsl.linux-azur.org\/?p=1211","title":{"rendered":"FIN DES RAL du BSL &#8211; on vide le local!"},"content":{"rendered":"\n<p>Suite \u00e0 demande de la mairie de vider le local pour changement d&rsquo;affectation du b\u00e2timent Guintran (ex perception), sans autre attribution, il nous faut vider le local avant le 15\/02.<\/p>\n\n\n\n<p>Je tiendrais une premi\u00e8re session ce samedi 20 janvier \u00e0 partir de 14h pour faire un dernier inventaire : TOUT ce que Linux Azur ne pourra pas stocker &#8211; et les moyens de stockage sont tr\u00e8s limit\u00e9s &#8211; doit partir.<br>Les premiers arriv\u00e9s seront les premiers servis.<\/p>\n\n\n\n<p>Pour rappel, il y a tout un lot de machines compl\u00e8tes, avec \u00e9crans plats, clavier et souris :<br>&#8211; 8 petites machines compactes Celeron \/ 4 Go de RAM \/ 500 Go de disque sous initialement pr\u00e9vues pour le centre a\u00e9r\u00e9, mais aucune r\u00e9ponse de leur part&#8230;<br>&#8211; une dizaine de machines moyen tour en i3 \/ 4Go de RAM \/ 500 Go de disque sous Emmabunt\u00fcs, s\u00e9rie pro TERRA,<br>&#8211; quelques portables un peu anciens dont un MacBook Pro sous Xubuntu,<br>&#8211; 1 WS HP sous FEDORA, un petit boitier ACER sous Manjaro saveur Fluxbox, un boitier Channel 16Go de RAM sous&#8230; Mageia??<br>&#8211; et de nombreux autres machins\/bidules\/trucs pour geeks&#8230;<br><br>Comme il n&rsquo;y a rien de pr\u00e9vu comme local de substitution pour nos activit\u00e9s, ni m\u00eame d&rsquo;espace de stockage temporaire, il est hautement probable que ce soit la fin de ces activit\u00e9s sur le Bar Sur Loup.<br><br>RIP les RAL du BSL \/ Vincent.<\/p>\n","protected":false},"excerpt":{"rendered":"<p>Suite \u00e0 demande de la mairie de vider le local pour changement d&rsquo;affectation du b\u00e2timent Guintran (ex perception), sans autre attribution, il nous faut vider le local avant le 15\/02. Je tiendrais une premi\u00e8re session ce samedi 20 janvier \u00e0 partir de 14h pour faire un dernier inventaire : TOUT ce que Linux Azur ne &hellip; <a href=\"https:\/\/ral-bsl.linux-azur.org\/?p=1211\" class=\"more-link\">Continue reading <span class=\"screen-reader-text\">FIN DES RAL du BSL &#8211; on vide le local!<\/span><\/a><\/p>\n","protected":false},"author":14,"featured_media":0,"comment_status":"closed","ping_status":"closed","sticky":false,"template":"","format":"standard","meta":[],"categories":[4],"tags":[],"_links":{"self":[{"href":"https:\/\/ral-bsl.linux-azur.org\/index.php?rest_route=\/wp\/v2\/posts\/1211"}],"collection":[{"href":"https:\/\/ral-bsl.linux-azur.org\/index.php?rest_route=\/wp\/v2\/posts"}],"about":[{"href":"https:\/\/ral-bsl.linux-azur.org\/index.php?rest_route=\/wp\/v2\/types\/post"}],"author":[{"embeddable":true,"href":"https:\/\/ral-bsl.linux-azur.org\/index.php?rest_route=\/wp\/v2\/users\/14"}],"replies":[{"embeddable":true,"href":"https:\/\/ral-bsl.linux-azur.org\/index.php?rest_route=%2Fwp%2Fv2%2Fcomments&post=1211"}],"version-history":[{"count":2,"href":"https:\/\/ral-bsl.linux-azur.org\/index.php?rest_route=\/wp\/v2\/posts\/1211\/revisions"}],"predecessor-version":[{"id":1213,"href":"https:\/\/ral-bsl.linux-azur.org\/index.php?rest_route=\/wp\/v2\/posts\/1211\/revisions\/1213"}],"wp:attachment":[{"href":"https:\/\/ral-bsl.linux-azur.org\/index.php?rest_route=%2Fwp%2Fv2%2Fmedia&parent=1211"}],"wp:term":[{"taxonomy":"category","embeddable":true,"href":"https:\/\/ral-bsl.linux-azur.org\/index.php?rest_route=%2Fwp%2Fv2%2Fcategories&post=1211"},{"taxonomy":"post_tag","embeddable":true,"href":"https:\/\/ral-bsl.linux-azur.org\/index.php?rest_route=%2Fwp%2Fv2%2Ftags&post=1211"}],"curies":[{"name":"wp","href":"https:\/\/api.w.org\/{rel}","templated":true}]}}